{"id":6932,"date":"2026-04-29T14:17:28","date_gmt":"2026-04-29T12:17:28","guid":{"rendered":"https:\/\/sv-waldkirch-tischtennis.de\/?p=6932"},"modified":"2026-04-29T23:50:04","modified_gmt":"2026-04-29T21:50:04","slug":"einzelvereinsmeisterschaften-am-09-05","status":"publish","type":"post","link":"https:\/\/sv-waldkirch-tischtennis.de\/?p=6932","title":{"rendered":"Einzelvereinsmeisterschaften am 09.05"},"content":{"rendered":"\n<figure class=\"wp-block-image size-large is-resized\"><a href=\"https:\/\/sv-waldkirch-tischtennis.de\/wp-content\/uploads\/2026\/04\/file_0000000027c071fdb4febd70d60a318f.png\"><img loading=\"lazy\" decoding=\"async\" width=\"723\" height=\"1024\" src=\"https:\/\/sv-waldkirch-tischtennis.de\/wp-content\/uploads\/2026\/04\/file_0000000027c071fdb4febd70d60a318f-723x1024.png\" alt=\"\" class=\"wp-image-6933\" style=\"aspect-ratio:0.710828117651315;width:335px;height:auto\" srcset=\"https:\/\/sv-waldkirch-tischtennis.de\/wp-content\/uploads\/2026\/04\/file_0000000027c071fdb4febd70d60a318f-723x1024.png 723w, https:\/\/sv-waldkirch-tischtennis.de\/wp-content\/uploads\/2026\/04\/file_0000000027c071fdb4febd70d60a318f-212x300.png 212w, https:\/\/sv-waldkirch-tischtennis.de\/wp-content\/uploads\/2026\/04\/file_0000000027c071fdb4febd70d60a318f-768x1087.png 768w, https:\/\/sv-waldkirch-tischtennis.de\/wp-content\/uploads\/2026\/04\/file_0000000027c071fdb4febd70d60a318f.png 1054w\" sizes=\"auto, (max-width: 723px) 100vw, 723px\" \/><\/a><\/figure>\n\n\n\n<p><\/p>\n\n\n\n<p>Die Einzelvereinsmeisterschaften, traditionell nach Saisonende, stehen wieder vor der T\u00fcr. Am Samstag den 09.05 findet in der Kastelberghalle wieder ein Wettbewerb f\u00fcr die Jugend und die Erwachsenen statt. Die genaue Uhrzeit wird noch bekannt gegeben.<\/p>\n\n\n\n<p>W\u00e4hrend es nach dem Abgang von Florian Baak bei der Jugend auf jeden Fall einen neuen Sieger geben wird, hat bei den Erwachsenen Maximilian Ruf die Chance mit einem m\u00f6glichen dritten Erfolg in Serie den Wanderpokal endg\u00fcltig in seinen Besitz zu bringen.<\/p>\n\n\n\n<p>Die Konkurrenz wird alles geben dies zu verhindern. Wer als Zuschauer dabei sein will, ist gerne eingeladen die Spielerinnen und Spieler vor Ort zu unterst\u00fctzen und die Spiele anzuschauen. Der Eintritt ist frei.<\/p>\n\n\n\n<p>Am Abend findet dann bei hoffentlich gutem Wetter wieder das traditionelle Grillen vor der Halle statt, wo neben allen Teilnehmenden, auch Vereinsmitglieder, Familie und Freunde eingeladen sind. F\u00fcr Getr\u00e4nke ist gesorgt, Grillgut ist selbst mitzubringen. Kuchenspenden (f\u00fcr den Nachmittag) , sowie Salate (f\u00fcr den Abend) werden erbeten.                                 Wir freuen uns auf ein tolles Event und hoffen auf rege Beteiligung.<\/p>\n\n\n\n<p><\/p>\n\n\n\n<p><\/p>\n\n\n\n<p><\/p>\n","protected":false},"excerpt":{"rendered":"<p>Die Einzelvereinsmeisterschaften, traditionell nach Saisonende, stehen wieder vor der T\u00fcr. Am Samstag den 09.05 findet in der Kastelberghalle wieder ein Wettbewerb f\u00fcr die Jugend und die Erwachsenen statt. Die genaue Uhrzeit wird noch bekannt gegeben. W\u00e4hrend es nach dem Abgang &hellip; <a href=\"https:\/\/sv-waldkirch-tischtennis.de\/?p=6932\">Weiterlesen <span class=\"meta-nav\">&rarr;<\/span><\/a><\/p>\n","protected":false},"author":2,"featured_media":0,"comment_status":"closed","ping_status":"closed","sticky":false,"template":"","format":"standard","meta":{"footnotes":""},"categories":[1],"tags":[],"class_list":["post-6932","post","type-post","status-publish","format-standard","hentry","category-allgemein"],"_links":{"self":[{"href":"https:\/\/sv-waldkirch-tischtennis.de\/index.php?rest_route=\/wp\/v2\/posts\/6932","targetHints":{"allow":["GET"]}}],"collection":[{"href":"https:\/\/sv-waldkirch-tischtennis.de\/index.php?rest_route=\/wp\/v2\/posts"}],"about":[{"href":"https:\/\/sv-waldkirch-tischtennis.de\/index.php?rest_route=\/wp\/v2\/types\/post"}],"author":[{"embeddable":true,"href":"https:\/\/sv-waldkirch-tischtennis.de\/index.php?rest_route=\/wp\/v2\/users\/2"}],"replies":[{"embeddable":true,"href":"https:\/\/sv-waldkirch-tischtennis.de\/index.php?rest_route=%2Fwp%2Fv2%2Fcomments&post=6932"}],"version-history":[{"count":9,"href":"https:\/\/sv-waldkirch-tischtennis.de\/index.php?rest_route=\/wp\/v2\/posts\/6932\/revisions"}],"predecessor-version":[{"id":6942,"href":"https:\/\/sv-waldkirch-tischtennis.de\/index.php?rest_route=\/wp\/v2\/posts\/6932\/revisions\/6942"}],"wp:attachment":[{"href":"https:\/\/sv-waldkirch-tischtennis.de\/index.php?rest_route=%2Fwp%2Fv2%2Fmedia&parent=6932"}],"wp:term":[{"taxonomy":"category","embeddable":true,"href":"https:\/\/sv-waldkirch-tischtennis.de\/index.php?rest_route=%2Fwp%2Fv2%2Fcategories&post=6932"},{"taxonomy":"post_tag","embeddable":true,"href":"https:\/\/sv-waldkirch-tischtennis.de\/index.php?rest_route=%2Fwp%2Fv2%2Ftags&post=6932"}],"curies":[{"name":"wp","href":"https:\/\/api.w.org\/{rel}","templated":true}]}}