{"id":6914,"date":"2026-04-28T00:56:02","date_gmt":"2026-04-27T22:56:02","guid":{"rendered":"https:\/\/sv-waldkirch-tischtennis.de\/?p=6914"},"modified":"2026-04-28T01:22:53","modified_gmt":"2026-04-27T23:22:53","slug":"jahreshauptversammlung-bei-der-tischtennisabteilung-2-aenderungen-in-der-vorstandschaft","status":"publish","type":"post","link":"https:\/\/sv-waldkirch-tischtennis.de\/?p=6914","title":{"rendered":"Jahreshauptversammlung bei der Tischtennisabteilung &#8211; Zwei \u00c4nderungen in der Vorstandschaft"},"content":{"rendered":"\n<p>Die Jahreshauptversammlung der Tischtennisabteilung fand am 27.04 um 19:00 Uhr im Restaurant Stadrainsee statt. Neben den j\u00e4hrlich anfallenden Berichten, waren die Neuwahlen der gr\u00f6\u00dfte Punkt auf der Tagesordnung, da bereits vor der Sitzung klar war, dass es hier zu \u00c4nderungen kommen w\u00fcrde.<br><br>Nach der Begr\u00fc\u00dfung von Abteilungsleiter Christoph, der neben den Vereinsmitgliedern auch die anwesenden Ehrenmitglieder Richard Ruppenthal, Wolfgang K\u00f6rber, Thomas Ziegler und Matthias Friedrich sowie vom SVW R\u00fcdiger Schirmeister erw\u00e4hnte, ging es mit einer Schweigeminute bzw. der Totenehrung weiter. <br>Mit Hans-J\u00f6rg Schiel und Hugo Ruppenthal sind im vergangenen Jahr zwei pr\u00e4gende Pers\u00f6nlichkeiten des SVW und insbesondere auch der Tischtennisabteilung von uns gegangen, die sich \u00fcber Jahrzehnte im Verein mit ihrem Engagement verdient gemacht haben. Wir werden Ihnen ein ehrendes Andenken bewahren und ihre Verdienste f\u00fcr den Tischtennissport in Waldkirch nicht vergessen.<br><br>Nachdem die Tagesordnung nicht beanstandet wurde, startete man mit dem Gesch\u00e4ftsbericht von Thomas, der einen \u00dcberblick \u00fcber das vergangene Vereinsjahr gab und auch gleich zu Beginn den Werdegang und die Verdienste von Hugo und Hans-J\u00f6rg im Sportverein noch einmal Revue passieren lie\u00df, inkulsive pers\u00f6nlichen Erlebnissen mit den beiden. <br>Anschlie\u00dfend wurde auf den sportlichen Teil eingegangen und hier pr\u00e4sentierte er einen \u00dcberblick \u00fcber alle Mannschaften und deren Ergebnisse. Auch auf die einzelnen Spieler und Bilanzen wurde eingegangen.<br>Die Doppelvereinsmeister und Einzelvereismeister wurden ebenfalls gew\u00fcrdigt und auch die geselligen Veranstaltungen, wie die von Maria und Barbara organisierte Weinwanderung, die f\u00fcr alle ein tolles Event war, wurde erw\u00e4hnt, sodass jeder der Anwesenden eine sch\u00f6ne R\u00fcckschau bekam, was im letzten Jahr alles bei uns im Verein passiert ist. Wie eigentlich immer sorgte der Bericht, trotz einiger besorgniserregender Entwicklungen, auch f\u00fcr Lacher, denn Thomas lie\u00df auch dieses Mal die humoristische Ebene nicht zu kurz kommen.<br><br>Weniger zum Lachen war dann der Jugendbericht von Jugendleiter Maximilian Ruf, der zwar \u00fcber Erfolge auf regionalen und \u00fcberregionalen Turnieren von Florian Baak berichten konnte, dieser hat im Sommer aber den Verein Richtung Freiburg verlassen und so verloren als Konsequenz auch weitere Spieler der ersten Mannschaft die Motivation, wodurch man einen weiteren Neustart vornehmen musste. Dies kostet Zeit, sowie Kraft und ist auch noch ein weiter Weg und dies bekam man auch in der abgelaufen Saison zu sp\u00fcren, denn trotz Motivation und Kampfgeist kamen keine positiven Ergebnisse im Rundenbetrieb zustande. <br>Da Maxi aufgrund seines Wechsels innerhalb des Vorstandes das Amt nicht mehr weiter ausf\u00fchren kann und ein neuer Jugendleiter nicht in Sicht ist, steht die Jugendarbeit aktuell auf wackligen Beinen. Zwar ist der Trainingsbetrieb gew\u00e4hrleistet, aber wie es in den n\u00e4chsten Monaten im Spielbetrieb weitergehen wird, ist noch offen. Hier appelierte Maxi auch noch einmal an alle Vereinsmitglieder in sich zu gehen und zu \u00fcberlegen, welchen Beitrag jeder leisten k\u00f6nnte, da ohne eine funktionierende Jugend ein Verein nicht dauerhaft \u00fcberleben wird k\u00f6nnen.<br>F\u00fcr ihre Verdienste im Jugendtraining und dem Betreuen in den vergangenen Jahren, wurden in diesem Zusammenhang auch noch Maria L\u00e4ufer und Sebastian Wisser mit einer Urkunde geehrt.<br><br>Es folgte der Kassenbericht von Matthias, der die Einnahmen und Ausgaben des vergangenen Gesch\u00e4ftsjahres darlegte und einen \u00dcberblick \u00fcber die gesamte finanzielle Situation, inklusive Jahresendstand gab. Aufgrund von Spenden und Sponsoring der Firma Intuitive sieht die Situation zwar aktuell gut aus, Matthias gab aber zu bedenken, dass sich diese Konstallation so nicht wiederholen wird lassen und mit R\u00fcckg\u00e4ngen zu rechnen ist.<br>Christine, die die Kasse gepr\u00fcft hatte, bescheinigte Matthias eine einwandfreie F\u00fchrung der Kasse.<br>Da nun die Entlastungen anstanden, wurde der anwesende SVW Vorstizende R\u00fcdiger Schirmeister vor\u00fcbergehend mit der Sitzungsleitung beauftragt, der die Entlastungen vornahm, die alle einstimmig von statten gingen. In diesem Zusammenhang wurden auch &#8222;von h\u00f6chster Stelle&#8220; noch einmal die jahrzehntelangen Verdienste von Christoph, Thomas und Matthias gew\u00fcrdigt.<\/p>\n\n\n\n<p>Es wartete dann der wichtigste Punkt der Tagesordnung. Maximilian wurde als zuk\u00fcnftiger Abteilungsleiter vorgeschlagen und dann auch von allen anwesenden Vereinsmitgliedern einstimmig gew\u00e4hlt und \u00fcbernahm auch gleich die Leitung der Versammlung. In seinen ersten Worten honorierte auch er noch einmal die Leistungen und das Engagement von Christoph in den letzten 12 Jahren und \u00fcberreichte ihm ein Pr\u00e4sent des Vereins.<br>In seiner ersten Wortmeldung brachte Maxi noch einmal das Thema Jugend auf die Agenda und richtete einen weiteren Appell zur Unterst\u00fctzung an den gesamten Verein. <br><br>Sebastian, der die letzten zwei Jahre als stellvertetender Abteilungsleiter agierte, gab dann bekannt, dass er aus privaten Gr\u00fcnden keine weitere Amtszeit anstreben wollte. Nach l\u00e4ngerem Z\u00f6gern und der Best\u00e4tigung der weiteren Vorstandsmitglieder, die alle eine weitere Amtsperiode anh\u00e4ngten, fand sich mit Wolfgang K\u00f6rber doch noch ein erfahrener Mann, der bereits vor einigen Jahren die Position des zweiten Vorsitzenden inne hatte und nun noch einmal f\u00fcr seinen Verein in selbiger Position in die Bresche springt. <br><br>Nach einem kurzen Ausblick auf die kommende Spielzeit und der anstehenden Fusion der Verb\u00e4nde, wurde die ereignisreiche Jahreshauptversammlung um 20:35 Uhr vom neuen Abteilungsleiter Maximilian Ruf beendet.<br><br>Der neue Vorstand:<br><br>Abteilungsleiter: Maximilian Ruf<br>stellvertretender AL: Wolfgang K\u00f6rber<br>Schrift\u00fchrer: Thomas Ziegler<br>Kassenwart: Matthias Friedrich<br>Kassenpr\u00fcfung: Christine Ruf<br>Pressewart: Felix Ruf<br>Beisitzer: Maria L\u00e4ufer<\/p>\n\n\n\n<figure class=\"wp-block-image size-large\"><a href=\"https:\/\/sv-waldkirch-tischtennis.de\/wp-content\/uploads\/2026\/04\/image-2.png\"><img loading=\"lazy\" decoding=\"async\" width=\"1024\" height=\"576\" src=\"https:\/\/sv-waldkirch-tischtennis.de\/wp-content\/uploads\/2026\/04\/image-2-1024x576.png\" alt=\"\" class=\"wp-image-6916\" srcset=\"https:\/\/sv-waldkirch-tischtennis.de\/wp-content\/uploads\/2026\/04\/image-2-1024x576.png 1024w, https:\/\/sv-waldkirch-tischtennis.de\/wp-content\/uploads\/2026\/04\/image-2-300x169.png 300w, https:\/\/sv-waldkirch-tischtennis.de\/wp-content\/uploads\/2026\/04\/image-2-768x432.png 768w, https:\/\/sv-waldkirch-tischtennis.de\/wp-content\/uploads\/2026\/04\/image-2-500x281.png 500w, https:\/\/sv-waldkirch-tischtennis.de\/wp-content\/uploads\/2026\/04\/image-2.png 1157w\" sizes=\"auto, (max-width: 1024px) 100vw, 1024px\" \/><\/a><\/figure>\n","protected":false},"excerpt":{"rendered":"<p>Die Jahreshauptversammlung der Tischtennisabteilung fand am 27.04 um 19:00 Uhr im Restaurant Stadrainsee statt. Neben den j\u00e4hrlich anfallenden Berichten, waren die Neuwahlen der gr\u00f6\u00dfte Punkt auf der Tagesordnung, da bereits vor der Sitzung klar war, dass es hier zu \u00c4nderungen &hellip; <a href=\"https:\/\/sv-waldkirch-tischtennis.de\/?p=6914\">Weiterlesen <span class=\"meta-nav\">&rarr;<\/span><\/a><\/p>\n","protected":false},"author":2,"featured_media":0,"comment_status":"closed","ping_status":"closed","sticky":false,"template":"","format":"standard","meta":{"footnotes":""},"categories":[1],"tags":[],"class_list":["post-6914","post","type-post","status-publish","format-standard","hentry","category-allgemein"],"_links":{"self":[{"href":"https:\/\/sv-waldkirch-tischtennis.de\/index.php?rest_route=\/wp\/v2\/posts\/6914","targetHints":{"allow":["GET"]}}],"collection":[{"href":"https:\/\/sv-waldkirch-tischtennis.de\/index.php?rest_route=\/wp\/v2\/posts"}],"about":[{"href":"https:\/\/sv-waldkirch-tischtennis.de\/index.php?rest_route=\/wp\/v2\/types\/post"}],"author":[{"embeddable":true,"href":"https:\/\/sv-waldkirch-tischtennis.de\/index.php?rest_route=\/wp\/v2\/users\/2"}],"replies":[{"embeddable":true,"href":"https:\/\/sv-waldkirch-tischtennis.de\/index.php?rest_route=%2Fwp%2Fv2%2Fcomments&post=6914"}],"version-history":[{"count":8,"href":"https:\/\/sv-waldkirch-tischtennis.de\/index.php?rest_route=\/wp\/v2\/posts\/6914\/revisions"}],"predecessor-version":[{"id":6924,"href":"https:\/\/sv-waldkirch-tischtennis.de\/index.php?rest_route=\/wp\/v2\/posts\/6914\/revisions\/6924"}],"wp:attachment":[{"href":"https:\/\/sv-waldkirch-tischtennis.de\/index.php?rest_route=%2Fwp%2Fv2%2Fmedia&parent=6914"}],"wp:term":[{"taxonomy":"category","embeddable":true,"href":"https:\/\/sv-waldkirch-tischtennis.de\/index.php?rest_route=%2Fwp%2Fv2%2Fcategories&post=6914"},{"taxonomy":"post_tag","embeddable":true,"href":"https:\/\/sv-waldkirch-tischtennis.de\/index.php?rest_route=%2Fwp%2Fv2%2Ftags&post=6914"}],"curies":[{"name":"wp","href":"https:\/\/api.w.org\/{rel}","templated":true}]}}