{"id":6868,"date":"2026-04-27T23:38:56","date_gmt":"2026-04-27T21:38:56","guid":{"rendered":"https:\/\/sv-waldkirch-tischtennis.de\/?p=6868"},"modified":"2026-04-28T02:05:39","modified_gmt":"2026-04-28T00:05:39","slug":"danke-christoph-fuer-deinen-unermuedlichen-einsatz-unser-abteilungsleiter-gibt-nach-12-jahren-in-leitender-funktion-den-staffelstab-weiter-maximilian-ruf-einstimmig-zum-nachfolger-gewaehlt","status":"publish","type":"post","link":"https:\/\/sv-waldkirch-tischtennis.de\/?p=6868","title":{"rendered":"Danke Christoph f\u00fcr deinen unerm\u00fcdlichen Einsatz! Unser Abteilungsleiter gibt nach 12 Jahren in leitender Funktion den Staffelstab weiter. Maximilian Ruf einstimmig zum Nachfolger gew\u00e4hlt!"},"content":{"rendered":"\n<p>In den letzten Jahren liefen die Jahreshauptversammlungen unserer Tischtennisabteilung meist nach dem gleichen Schema ab. Neben den \u00fcblichen Vortr\u00e4gen, dem Gesch\u00e4ftsbericht von Thomas, dem Jugendbericht von Maximilian, Kassenbericht von Matthias, wurde nach den Ehrungen, Entlastungen und Pr\u00fcfungsberichten bei den Neuwahlen der Vorstand einstimmig in seiner bisherigen Besetzung f\u00fcr weitere zwei Jahre wiedergew\u00e4hlt.<br><br>In diesem Jahr, am Montag den 27.04, war jedoch manches anders: Bereits vor einigen Monaten k\u00fcndigte unser bisheriger Abteilungsleiter Christoph an, nach 12 Jahren, bei der kommenden Wahl nicht mehr zu kandidieren und das Amt in neue H\u00e4nde \u00fcbergeben zu wollen.<br>In einer Zeit, in der es zunehmend schwierig ist, engagierte ehrenamtliche Menschen zu gewinnen, ist es umso erfreulicher, dass schon im Vorfeld mit dem 30 j\u00e4hrigen Maximilian ein junger, motivierter und geeigneter Nachfolger gefunden werden konnte, der sich an diesem Abend zur Wahl stellte und bereit ist Veranwortung zu \u00fcbernehmen. <br>Die anwesenden Mitglieder sprachen Maximilian dann auch einstimmig das Vertrauen aus und w\u00e4hlten ihn f\u00fcr die kommende Amtsperiode von zwei Jahren zum neuen Vorsitzenden der Tischtennisabteilung. Herzlichen Gl\u00fcckwunsch!<br><br>Unser besonderer Dank galt an diesem Abend jedoch in erster Linie Christoph, der die Abteilung in den letzten 12 Jahren mit gro\u00dfem Einsatz gef\u00fchrt hat. Christoph ist kein Mann der gro\u00dfen Worte, sondern einer der anpackt. Er hat in den letzten 12 Jahren mit seinem Engagement, seiner Verl\u00e4sslichkeit und seiner F\u00e4higkeit Menschen zueinander zu bringen, ma\u00dfgeblich dazu beigetragen, den Verein zusammenzuhalten und auch gut und sicher durch die herausfordernden Zeiten zu f\u00fchren, die es in seiner Amtszeit immer mal wieder gab und damit hat er auch ausnahmslos positive Spuren hinterlassen. <br>Wir freuen uns lieber Christoph, dass du selbstverst\u00e4ndlich als Spieler Teil des Vereins bleibst und uns dar\u00fcber hinaus auch weiterhin mit Rat und Tat zur Seite stehst. Vielen Dank f\u00fcr alles, was du in den letzten 12 Jahren f\u00fcr den Verein und damit auch f\u00fcr uns als Gemeinschaft getan hast.<br><br>Gleichzeitig w\u00fcnschen wir Maximilian f\u00fcr seine neue Aufgabe als Abteilungsleiter viel Erfolg, eine gl\u00fcckliche Hand bei allen Entscheidungen und weiterhin so viel Engagement f\u00fcr unseren Sport und insbesondere nat\u00fcrlich f\u00fcr unseren Verein. Hierbei hofft der gesamte Vorstand, dass ihn alle Vereinsmitglieder bestm\u00f6glichst unterst\u00fctzen, damit man als Team gemeinsam erfolgreich ist, denn nur so kann es funktionieren und eine relativ kleine Abteilung wie wir es sind, dann eben auch existieren. <br><\/p>\n\n\n\n<figure class=\"wp-block-image size-full\"><a href=\"https:\/\/sv-waldkirch-tischtennis.de\/wp-content\/uploads\/2026\/04\/image.png\"><img loading=\"lazy\" decoding=\"async\" width=\"366\" height=\"651\" src=\"https:\/\/sv-waldkirch-tischtennis.de\/wp-content\/uploads\/2026\/04\/image.png\" alt=\"\" class=\"wp-image-6908\" srcset=\"https:\/\/sv-waldkirch-tischtennis.de\/wp-content\/uploads\/2026\/04\/image.png 366w, https:\/\/sv-waldkirch-tischtennis.de\/wp-content\/uploads\/2026\/04\/image-169x300.png 169w\" sizes=\"auto, (max-width: 366px) 100vw, 366px\" \/><\/a><\/figure>\n\n\n\n<p><\/p>\n\n\n\n<p><\/p>\n","protected":false},"excerpt":{"rendered":"<p>In den letzten Jahren liefen die Jahreshauptversammlungen unserer Tischtennisabteilung meist nach dem gleichen Schema ab. Neben den \u00fcblichen Vortr\u00e4gen, dem Gesch\u00e4ftsbericht von Thomas, dem Jugendbericht von Maximilian, Kassenbericht von Matthias, wurde nach den Ehrungen, Entlastungen und Pr\u00fcfungsberichten bei den Neuwahlen &hellip; <a href=\"https:\/\/sv-waldkirch-tischtennis.de\/?p=6868\">Weiterlesen <span class=\"meta-nav\">&rarr;<\/span><\/a><\/p>\n","protected":false},"author":2,"featured_media":0,"comment_status":"closed","ping_status":"closed","sticky":false,"template":"","format":"standard","meta":{"footnotes":""},"categories":[1],"tags":[],"class_list":["post-6868","post","type-post","status-publish","format-standard","hentry","category-allgemein"],"_links":{"self":[{"href":"https:\/\/sv-waldkirch-tischtennis.de\/index.php?rest_route=\/wp\/v2\/posts\/6868","targetHints":{"allow":["GET"]}}],"collection":[{"href":"https:\/\/sv-waldkirch-tischtennis.de\/index.php?rest_route=\/wp\/v2\/posts"}],"about":[{"href":"https:\/\/sv-waldkirch-tischtennis.de\/index.php?rest_route=\/wp\/v2\/types\/post"}],"author":[{"embeddable":true,"href":"https:\/\/sv-waldkirch-tischtennis.de\/index.php?rest_route=\/wp\/v2\/users\/2"}],"replies":[{"embeddable":true,"href":"https:\/\/sv-waldkirch-tischtennis.de\/index.php?rest_route=%2Fwp%2Fv2%2Fcomments&post=6868"}],"version-history":[{"count":43,"href":"https:\/\/sv-waldkirch-tischtennis.de\/index.php?rest_route=\/wp\/v2\/posts\/6868\/revisions"}],"predecessor-version":[{"id":6926,"href":"https:\/\/sv-waldkirch-tischtennis.de\/index.php?rest_route=\/wp\/v2\/posts\/6868\/revisions\/6926"}],"wp:attachment":[{"href":"https:\/\/sv-waldkirch-tischtennis.de\/index.php?rest_route=%2Fwp%2Fv2%2Fmedia&parent=6868"}],"wp:term":[{"taxonomy":"category","embeddable":true,"href":"https:\/\/sv-waldkirch-tischtennis.de\/index.php?rest_route=%2Fwp%2Fv2%2Fcategories&post=6868"},{"taxonomy":"post_tag","embeddable":true,"href":"https:\/\/sv-waldkirch-tischtennis.de\/index.php?rest_route=%2Fwp%2Fv2%2Ftags&post=6868"}],"curies":[{"name":"wp","href":"https:\/\/api.w.org\/{rel}","templated":true}]}}