{"id":3569,"date":"2020-06-26T15:14:02","date_gmt":"2020-06-26T13:14:02","guid":{"rendered":"https:\/\/sv-waldkirch-tischtennis.de\/?p=3569"},"modified":"2020-06-26T15:17:02","modified_gmt":"2020-06-26T13:17:02","slug":"trainingsbetrieb-ab-dem-29-6-2020","status":"publish","type":"post","link":"https:\/\/sv-waldkirch-tischtennis.de\/?p=3569","title":{"rendered":"Trainingsbetrieb ab dem 29.6.2020"},"content":{"rendered":"\n<p>Liebe Tischtennis-Freunde<\/p>\n\n\n\n<p>Ab dem 29. Juni d\u00fcrfen wir wieder unseren geliebten Sport aus\u00fcben.<\/p>\n\n\n\n<p>Derzeit* k\u00f6nnen wir leider nur mit maximal 5 Spieler in den Hasenstall. Den Trainingsroboter d\u00fcrfen wir jedoch verwenden.<\/p>\n\n\n\n<p>(* Eine neue Corona-Verordnung mit weiteren Lockerungen per 1. Juli ist auf dem Weg, welche auch auf uns positive Auswirkungen haben wird.)<\/p>\n\n\n\n<p>Hier noch ein paar Eckpunkte, die unbedingt zu beachten sind.<\/p>\n\n\n\n<ol class=\"wp-block-list\"><li>Wie schon im letzten Mail angek\u00fcndigt, werden wir zun\u00e4chst aus Sicherheitsgr\u00fcnden noch kein Jugendtraining anbieten.<\/li><li>Wir verwenden ein Planungstool f\u00fcr Halleneinteilung &#8211; wichtig: nur angemeldete Spieler d\u00fcrfen in den Hasenstall. Informationen zur Nutzung des Planungstool findet ihr im Anhang (<a href=\"https:\/\/www.mytischtennis.de\/clicktt\/TTBW\/hallenplaner\/22056\/SV-Waldkirch\/index?startdate=29.06.2020\">Link Planungstool<\/a>).<\/li><li>Pro Trainingseinheit gibt es einen Verantwortlichen. Das ist derjenige, der die Halle aufschlie\u00dft. Er\/Sie kann die Verantwortung im Laufe des Trainings an eine andere Person \u00fcbertragen.<\/li><li>Der Verantwortliche \u00fcberwacht die Einhaltung der Hygienevorschriften und muss sich in einer bereitgestellten Liste eintragen. Die Liste befindet sich im TT-Materialschrank.<\/li><li>Im Anhang findet ihr das von der Stadt Waldkirch genehmigte SVW-TT Corona-Hygienekonzept<\/li><\/ol>\n\n\n\n<ul class=\"wp-block-list\"><li>Bitte aufmerksam lesen und befolgen<\/li><li>Bei Benutzung der Toilette sind wir verpflichtet diese anschlie\u00dfend zu reinigen und zu desinfizieren<\/li><li>Hygienemittel stehen im TT-Materialschrank zur Verf\u00fcgung (Einmalhandschuhe, Desinfektionsspray, Reinigungsmittel, Spr\u00fchflaschen, Einwegpapier). Falls etwas ausgehen sollte, bitte melden oder selbst besorgen<\/li><li>Die Genehmigung der Stadt Waldkirch f\u00fcr das Hygienekonzept als auch die Corona-Verordnung befinden sich ebenfalls im Materialschrank<\/li><\/ul>\n\n\n\n<p>Falls es noch Fragen gibt, meldet Euch doch bitte bei Thomas Ziegler oder bei mir.<\/p>\n\n\n\n<p>W\u00fcnsche Euch eine gute Sommerzeit und viel Spa\u00df beim Training. Bleibt gesund!<\/p>\n\n\n\n<p>Christoph<\/p>\n\n\n\n<div class=\"wp-block-file\"><a href=\"https:\/\/sv-waldkirch-tischtennis.de\/wp-content\/uploads\/2020\/06\/SVW-TT-Corona-Hygienekonzept-v1.1.pdf\">SVW-TT-Corona-Hygienekonzept-v1.1<\/a><a href=\"https:\/\/sv-waldkirch-tischtennis.de\/wp-content\/uploads\/2020\/06\/SVW-TT-Corona-Hygienekonzept-v1.1.pdf\" class=\"wp-block-file__button\" download>Herunterladen<\/a><\/div>\n\n\n\n<div class=\"wp-block-file\"><a href=\"https:\/\/sv-waldkirch-tischtennis.de\/wp-content\/uploads\/2020\/06\/Informationan-zum-Planungstool-f\u00fcr-die-Halleneinteilung.pdf\">Informationan-zum-Planungstool-f\u00fcr-die-Halleneinteilung<\/a><a href=\"https:\/\/sv-waldkirch-tischtennis.de\/wp-content\/uploads\/2020\/06\/Informationan-zum-Planungstool-f\u00fcr-die-Halleneinteilung.pdf\" class=\"wp-block-file__button\" download>Herunterladen<\/a><\/div>\n","protected":false},"excerpt":{"rendered":"<p>Liebe Tischtennis-Freunde Ab dem 29. Juni d\u00fcrfen wir wieder unseren geliebten Sport aus\u00fcben. Derzeit* k\u00f6nnen wir leider nur mit maximal 5 Spieler in den Hasenstall. Den Trainingsroboter d\u00fcrfen wir jedoch verwenden. (* Eine neue Corona-Verordnung mit weiteren Lockerungen per 1. &hellip; <a href=\"https:\/\/sv-waldkirch-tischtennis.de\/?p=3569\">Weiterlesen <span class=\"meta-nav\">&rarr;<\/span><\/a><\/p>\n","protected":false},"author":1,"featured_media":0,"comment_status":"closed","ping_status":"closed","sticky":false,"template":"","format":"standard","meta":{"footnotes":""},"categories":[1],"tags":[],"class_list":["post-3569","post","type-post","status-publish","format-standard","hentry","category-allgemein"],"_links":{"self":[{"href":"https:\/\/sv-waldkirch-tischtennis.de\/index.php?rest_route=\/wp\/v2\/posts\/3569","targetHints":{"allow":["GET"]}}],"collection":[{"href":"https:\/\/sv-waldkirch-tischtennis.de\/index.php?rest_route=\/wp\/v2\/posts"}],"about":[{"href":"https:\/\/sv-waldkirch-tischtennis.de\/index.php?rest_route=\/wp\/v2\/types\/post"}],"author":[{"embeddable":true,"href":"https:\/\/sv-waldkirch-tischtennis.de\/index.php?rest_route=\/wp\/v2\/users\/1"}],"replies":[{"embeddable":true,"href":"https:\/\/sv-waldkirch-tischtennis.de\/index.php?rest_route=%2Fwp%2Fv2%2Fcomments&post=3569"}],"version-history":[{"count":2,"href":"https:\/\/sv-waldkirch-tischtennis.de\/index.php?rest_route=\/wp\/v2\/posts\/3569\/revisions"}],"predecessor-version":[{"id":3573,"href":"https:\/\/sv-waldkirch-tischtennis.de\/index.php?rest_route=\/wp\/v2\/posts\/3569\/revisions\/3573"}],"wp:attachment":[{"href":"https:\/\/sv-waldkirch-tischtennis.de\/index.php?rest_route=%2Fwp%2Fv2%2Fmedia&parent=3569"}],"wp:term":[{"taxonomy":"category","embeddable":true,"href":"https:\/\/sv-waldkirch-tischtennis.de\/index.php?rest_route=%2Fwp%2Fv2%2Fcategories&post=3569"},{"taxonomy":"post_tag","embeddable":true,"href":"https:\/\/sv-waldkirch-tischtennis.de\/index.php?rest_route=%2Fwp%2Fv2%2Ftags&post=3569"}],"curies":[{"name":"wp","href":"https:\/\/api.w.org\/{rel}","templated":true}]}}