{"id":3477,"date":"2020-01-27T23:35:10","date_gmt":"2020-01-27T21:35:10","guid":{"rendered":"https:\/\/sv-waldkirch-tischtennis.de\/?p=3477"},"modified":"2020-01-27T23:35:18","modified_gmt":"2020-01-27T21:35:18","slug":"jungen-u15-siegen-im-zweiten-rueckrundenspiel","status":"publish","type":"post","link":"https:\/\/sv-waldkirch-tischtennis.de\/?p=3477","title":{"rendered":"Jungen U15 siegen im zweiten R\u00fcckrundenspiel"},"content":{"rendered":"\n<p><strong>SV Waldkirch &#8211; SV Kirchzarten 6:4<\/strong><br><br>Nach der 2:8 Heimniederlage im ersten R\u00fcckrundenspiel gegen den TTV V\u00f6rstetten, wollten die Jungen U15 gegen den Tabellensiebten SV Kirchzarten f\u00fcr Wiedergutmachung sorgen.<br>Der Start gelang, denn das Doppel David Feil\/Marlon Oschwald, sowie im Einzel Jan L\u00fccking, sorgten postwendend f\u00fcr die 2:0 F\u00fchrung.<br>Etwas \u00fcberraschend musste sich dann David Feil in der Verl\u00e4ngerung des f\u00fcnften Satzes geschlagen geben. Unbeeindruckt zeigte sich davon Marlon Oschwald, der seine Partie deutlich mit 3:0 f\u00fcr sich entschied. Aufgrund der anschlie\u00dfenden Viersatzniederlage von Mika Berard blieben die G\u00e4ste beim Stand von 3:2 aber weiter auf Tuchf\u00fchlung. <br>Den l\u00e4ngeren Atem bewiesen an diesem Abend aber die SVW Jungs. In den folgenden zwei Partien sorgte man mit Siegen von David Feil und einem harterk\u00e4mpften F\u00fcnfsatzerfolg von Mika Berard f\u00fcr die Vorentscheidung, denn es fehlte nur noch ein Punkt zum Sieg. Zwar gaben die G\u00e4ste nicht auf und holten aus den letzten drei Spielen noch zwei Siege, doch dies war nicht genug und so behielt der SVW nach 90 Minuten mit 6:4 die Oberhand. <br>Mit 8:10 Punkten liegt man im Mittelfeld auf Rang 5. Nach einem Monat Pause wartet am 27.02 mit dem Tabellenf\u00fchrer FT 1844 Freiburg III eine hohe H\u00fcrde.<\/p>\n","protected":false},"excerpt":{"rendered":"<p>SV Waldkirch &#8211; SV Kirchzarten 6:4 Nach der 2:8 Heimniederlage im ersten R\u00fcckrundenspiel gegen den TTV V\u00f6rstetten, wollten die Jungen U15 gegen den Tabellensiebten SV Kirchzarten f\u00fcr Wiedergutmachung sorgen.Der Start gelang, denn das Doppel David Feil\/Marlon Oschwald, sowie im Einzel &hellip; <a href=\"https:\/\/sv-waldkirch-tischtennis.de\/?p=3477\">Weiterlesen <span class=\"meta-nav\">&rarr;<\/span><\/a><\/p>\n","protected":false},"author":2,"featured_media":0,"comment_status":"closed","ping_status":"closed","sticky":false,"template":"","format":"standard","meta":{"footnotes":""},"categories":[1],"tags":[],"class_list":["post-3477","post","type-post","status-publish","format-standard","hentry","category-allgemein"],"_links":{"self":[{"href":"https:\/\/sv-waldkirch-tischtennis.de\/index.php?rest_route=\/wp\/v2\/posts\/3477","targetHints":{"allow":["GET"]}}],"collection":[{"href":"https:\/\/sv-waldkirch-tischtennis.de\/index.php?rest_route=\/wp\/v2\/posts"}],"about":[{"href":"https:\/\/sv-waldkirch-tischtennis.de\/index.php?rest_route=\/wp\/v2\/types\/post"}],"author":[{"embeddable":true,"href":"https:\/\/sv-waldkirch-tischtennis.de\/index.php?rest_route=\/wp\/v2\/users\/2"}],"replies":[{"embeddable":true,"href":"https:\/\/sv-waldkirch-tischtennis.de\/index.php?rest_route=%2Fwp%2Fv2%2Fcomments&post=3477"}],"version-history":[{"count":2,"href":"https:\/\/sv-waldkirch-tischtennis.de\/index.php?rest_route=\/wp\/v2\/posts\/3477\/revisions"}],"predecessor-version":[{"id":3479,"href":"https:\/\/sv-waldkirch-tischtennis.de\/index.php?rest_route=\/wp\/v2\/posts\/3477\/revisions\/3479"}],"wp:attachment":[{"href":"https:\/\/sv-waldkirch-tischtennis.de\/index.php?rest_route=%2Fwp%2Fv2%2Fmedia&parent=3477"}],"wp:term":[{"taxonomy":"category","embeddable":true,"href":"https:\/\/sv-waldkirch-tischtennis.de\/index.php?rest_route=%2Fwp%2Fv2%2Fcategories&post=3477"},{"taxonomy":"post_tag","embeddable":true,"href":"https:\/\/sv-waldkirch-tischtennis.de\/index.php?rest_route=%2Fwp%2Fv2%2Ftags&post=3477"}],"curies":[{"name":"wp","href":"https:\/\/api.w.org\/{rel}","templated":true}]}}