{"id":2311,"date":"2017-03-14T21:45:54","date_gmt":"2017-03-14T19:45:54","guid":{"rendered":"http:\/\/sv-waldkirch-tischtennis.de\/?p=2311"},"modified":"2017-03-18T10:35:03","modified_gmt":"2017-03-18T08:35:03","slug":"herren-ii-mit-ungluecklicher-niederlage-jugend-weiterhin-auf-platz-3-in-der-verbandsliga","status":"publish","type":"post","link":"https:\/\/sv-waldkirch-tischtennis.de\/?p=2311","title":{"rendered":"Herren II mit ungl\u00fccklicher Niederlage, Jugend weiterhin auf Platz 3 in der Verbandsliga."},"content":{"rendered":"<p><strong>TTC Glottertal &#8211; SV Waldkirch 9:7<\/strong><\/p>\n<p>Am vergangenen Wochenende trat die zweite Herrenmannschaft nach l\u00e4ngerer Pause gegen den Tabellendritten der Kreisklasse B, den TTC Glottertal an.<br \/>\nDie Taktik in den Doppelpaarungen funktionierte und so erspielte man sich vor den Einzelbegegnungen eine 2:1 F\u00fchrung.<br \/>\nDas vordere Paarkreuz des SVW hatten gegen die st\u00e4rksten Spieler der Liga schwere Aufgaben vor sich, Wolfgang Misera unterlag dann auch in drei S\u00e4tzen, doch Tobias Rodenstein zeigte eine starke Partie und behielt mit 3:1 die Oberhand.<br \/>\nIm mittleren Paarkreuz teilte man sich ebenfalls die Punkte. Hubert Meyer verlor im Entscheidungssatz, w\u00e4hrend Felix Ruf in vier S\u00e4tzen erfolgreich war und den SVW in F\u00fchrung hielt. Omar Salim verlor dann sein Spiel im 5 Satz, doch der formstarke Wolfgang K\u00f6rber schickte den SVW mit einer 5:4 F\u00fchrung in den zweiten Einzeldurchgang.<br \/>\nIn diesem kam dann das ganze Pech zusammen. Tobias Rodentein und Wolfgang Misera zeigten ganz starke Partien und gingen mit 2:0 in F\u00fchrung, hatten dann aber unglaubliches Pech und Gegner, die sich noch einmal aufraffen konnten und so gingen zwei Spiele, bei denen man schon wie der sichere Sieger aussah,an den TTC Glottertal, der erstmals an diesem Abend in F\u00fchrung ging.<br \/>\nDas Unheil sollte dann weiter seinen Lauf nehmen und auch die Spiele im mittleren Paarkreuz gingen jeweils in der Verl\u00e4ngerung des Entscheidungssatzes an die Heimmanschaft. So lag man auf einmal unverdient mit 8:5 in R\u00fcckstand.<br \/>\nDank Omar Salim und Wolfgang K\u00f6rber, die ungef\u00e4hrdete Siege einfuhren, hatte man im Schlussdoppel nochmal die Chance auf einen Punktgewinn. Hier war das Einserdoppel der Glottert\u00e4ler aber zu stark und man musste in vier S\u00e4tzen die Niederlage anerkennen.<br \/>\nDie Satzbilanz von 34:29 pro SVW zeigt, dass in diesem Spiel alles gegen uns lief.<br \/>\nBereits am kommenden Sonntag will man in Suggental wieder in die Erfolgssspur zur\u00fcckkehren.<\/p>\n<p><strong><br \/>\nSV Waldkirch &#8211; TV Lahr 8:4<\/strong><\/p>\n<p>Ohne Andres Fernandez, daf\u00fcr aber mit Jorin Krocker trat die erste Jugendmannschaft zu ihrem Heimspiel in der Verbandsliga gegen den Tabellensiebten TV Lahr an.<br \/>\nIn den Doppeln sicherte man sich eine 2:0 F\u00fchrung, wobei Krocker\/Oesterle k\u00e4mpfen mussten, w\u00e4hrend Meinke\/H\u00e4ringer am Nebentisch souver\u00e4n siegten.<br \/>\nIm vorderen Paarkreuz zeigten Jorin Krocker und Julian Meinke eine gute Leistung und bauten den Vorsprung ohne Satzverlust weiter aus.<br \/>\nAuch Manuel Oesterle war dann erfolgreich, zeitgleich verlor Manuel H\u00e4ringer in vier S\u00e4tzen sein Match Spiel, jedoch war die Vorsprung mit 4:1 beruhigend.<br \/>\nWie erwartet gewann Jorin Krocker auch seine zweite Begegnung in drei S\u00e4tzen, doch dann hatte man Pech und die G\u00e4ste kamen dank drei F\u00fcnfsatzsiegen in Folge bis auf 5:4 heran.<br \/>\nDen Lauf unterbrechen konnte dann Manuel Oesterle mit seinem tollen Erfolg gegen die Nummer 1 der G\u00e4ste. F\u00fcr den Schlusspunkt sorgte Jorin Krocker mit seinem dritten souver\u00e4nen Sieg an diesem Tag.<br \/>\nDie erste Jugendmannschaft liegt damit weiterhin auf Platz 3 in der Verbandsliga und kann diesen, mit einem Sieg am kommenden Wochenende gegen den direkten Konkurrenten aus Kirchzarten weiter festigen.<\/p>\n","protected":false},"excerpt":{"rendered":"<p>TTC Glottertal &#8211; SV Waldkirch 9:7 Am vergangenen Wochenende trat die zweite Herrenmannschaft nach l\u00e4ngerer Pause gegen den Tabellendritten der Kreisklasse B, den TTC Glottertal an. Die Taktik in den Doppelpaarungen funktionierte und so erspielte man sich vor den Einzelbegegnungen &hellip; <a href=\"https:\/\/sv-waldkirch-tischtennis.de\/?p=2311\">Weiterlesen <span class=\"meta-nav\">&rarr;<\/span><\/a><\/p>\n","protected":false},"author":2,"featured_media":0,"comment_status":"closed","ping_status":"closed","sticky":false,"template":"","format":"standard","meta":{"footnotes":""},"categories":[1],"tags":[],"class_list":["post-2311","post","type-post","status-publish","format-standard","hentry","category-allgemein"],"_links":{"self":[{"href":"https:\/\/sv-waldkirch-tischtennis.de\/index.php?rest_route=\/wp\/v2\/posts\/2311","targetHints":{"allow":["GET"]}}],"collection":[{"href":"https:\/\/sv-waldkirch-tischtennis.de\/index.php?rest_route=\/wp\/v2\/posts"}],"about":[{"href":"https:\/\/sv-waldkirch-tischtennis.de\/index.php?rest_route=\/wp\/v2\/types\/post"}],"author":[{"embeddable":true,"href":"https:\/\/sv-waldkirch-tischtennis.de\/index.php?rest_route=\/wp\/v2\/users\/2"}],"replies":[{"embeddable":true,"href":"https:\/\/sv-waldkirch-tischtennis.de\/index.php?rest_route=%2Fwp%2Fv2%2Fcomments&post=2311"}],"version-history":[{"count":2,"href":"https:\/\/sv-waldkirch-tischtennis.de\/index.php?rest_route=\/wp\/v2\/posts\/2311\/revisions"}],"predecessor-version":[{"id":2313,"href":"https:\/\/sv-waldkirch-tischtennis.de\/index.php?rest_route=\/wp\/v2\/posts\/2311\/revisions\/2313"}],"wp:attachment":[{"href":"https:\/\/sv-waldkirch-tischtennis.de\/index.php?rest_route=%2Fwp%2Fv2%2Fmedia&parent=2311"}],"wp:term":[{"taxonomy":"category","embeddable":true,"href":"https:\/\/sv-waldkirch-tischtennis.de\/index.php?rest_route=%2Fwp%2Fv2%2Fcategories&post=2311"},{"taxonomy":"post_tag","embeddable":true,"href":"https:\/\/sv-waldkirch-tischtennis.de\/index.php?rest_route=%2Fwp%2Fv2%2Ftags&post=2311"}],"curies":[{"name":"wp","href":"https:\/\/api.w.org\/{rel}","templated":true}]}}