{"id":2070,"date":"2016-06-11T17:04:33","date_gmt":"2016-06-11T15:04:33","guid":{"rendered":"http:\/\/sv-waldkirch-tischtennis.de\/?p=2070"},"modified":"2016-06-13T17:28:15","modified_gmt":"2016-06-13T15:28:15","slug":"erste-jugendmannschaft-ist-pokalsieger","status":"publish","type":"post","link":"https:\/\/sv-waldkirch-tischtennis.de\/?p=2070","title":{"rendered":"Erste Jugendmannschaft ist Pokalsieger!!!"},"content":{"rendered":"<p><strong>SV Waldkirch &#8211; FT 1844 Freiburg 4:2<br \/>\n<\/strong><\/p>\n<p>Nach l\u00e4ngerem Warten fand am Samstag das Pokalfinale der Ersten Jugendmannschaft in Kirchzarten statt. Gegner war die FT 1844 Freiburg, die in der abgelaufenen Verbandsligasaison Platz 2 belegten. Zwar traten diese ohne ihre Nummer 1 und 3 an, dennoch ging der SVW als Au\u00dfenseiter in die Partie.<br \/>\nJulian Meinke wurde in der ersten Partie des Tages seiner Favoritenrolle gerecht und besiegte den Ersatzspieler der Freiburger in 4 S\u00e4tzen.<br \/>\nAndres Fernandez lieferte sich im darauffolgenden Spiel mit der Freiburger Nummer 1, ein enges Match. Zwischenzeitlich lag er mit 1:2 in R\u00fcckstand, doch er fand in den entscheidenden Momenten die richtigen Mittel und drehte das Spiel noch in f\u00fcnf S\u00e4tzen.<br \/>\nDen perfekten Auftakt verpasste dann Manuel Oesterle. Auch er musste gegen seinen\u00a0Gegner in den Entscheidungssatz, doch hier fehlte dann am Ende etwas das n\u00f6tige Gl\u00fcck\u00a0und so verk\u00fcrzten die Freiburger auf 1:2.<br \/>\nDem Doppel kam damit schon eine vorentscheidende Bedeutung zu. F\u00fcr den SVW gingen Andres Fernandez und Manuel Oesterle an die Platten. Die beiden zeigen wieder einmal, dass sie gut miteinander harmonierten und brachten die Partie letztendlich ungef\u00e4hrdet mit 3:0 nach Hause. Nun fehlte nur noch ein Punkt zum Pokalsieg.<br \/>\nZwar verk\u00fcrzte Freiburg durch einen Viersatzerfolg nochmal auf 2:3, doch Manuel Oesterle behielt anschlie\u00dfend die Nerven und sorgte mit einem deutlichen 3:0 Sieg\u00a0f\u00fcr den 4:2 Gesamterfolg, der gleichzeitig den Pokalsieg bedeutete.<br \/>\nNach der Meisterschaft folgte nun also mit dem Pokalerfolg der zweite Titel f\u00fcr die Erste\u00a0Jugendmannschaft und man kann daher durchaus von einer perfekten Saison sprechen.<br \/>\nMit Julian Meinke, Andres Fernandez und Manuel Oesterle werden alle drei Spieler n\u00e4chste Saison in der Verbandsliga aufschlagen, unterst\u00fctzt werden sie au\u00dferdem noch\u00a0von Manuel H\u00e4ringer, der aus der Jugend 2 dazusto\u00dfen wird.<\/p>\n<p>&nbsp;<\/p>\n<p><a href=\"http:\/\/sv-waldkirch-tischtennis.de\/?attachment_id=2077\" rel=\"attachment wp-att-2077\"><img decoding=\"async\" class=\"alignnone size-full wp-image-2077\" src=\"http:\/\/sv-waldkirch-tischtennis.de\/wp-content\/uploads\/2016\/06\/A-Pokal-2016-5.jpg\" alt=\"A Pokal 2016 5\" \/><\/a><\/p>\n<p>v.l.n.r. : Andres Fernandez, Julian Meinke, Manuel Oesterle<\/p>\n","protected":false},"excerpt":{"rendered":"<p>SV Waldkirch &#8211; FT 1844 Freiburg 4:2 Nach l\u00e4ngerem Warten fand am Samstag das Pokalfinale der Ersten Jugendmannschaft in Kirchzarten statt. Gegner war die FT 1844 Freiburg, die in der abgelaufenen Verbandsligasaison Platz 2 belegten. Zwar traten diese ohne ihre &hellip; <a href=\"https:\/\/sv-waldkirch-tischtennis.de\/?p=2070\">Weiterlesen <span class=\"meta-nav\">&rarr;<\/span><\/a><\/p>\n","protected":false},"author":2,"featured_media":0,"comment_status":"closed","ping_status":"closed","sticky":false,"template":"","format":"standard","meta":{"footnotes":""},"categories":[1],"tags":[],"class_list":["post-2070","post","type-post","status-publish","format-standard","hentry","category-allgemein"],"_links":{"self":[{"href":"https:\/\/sv-waldkirch-tischtennis.de\/index.php?rest_route=\/wp\/v2\/posts\/2070","targetHints":{"allow":["GET"]}}],"collection":[{"href":"https:\/\/sv-waldkirch-tischtennis.de\/index.php?rest_route=\/wp\/v2\/posts"}],"about":[{"href":"https:\/\/sv-waldkirch-tischtennis.de\/index.php?rest_route=\/wp\/v2\/types\/post"}],"author":[{"embeddable":true,"href":"https:\/\/sv-waldkirch-tischtennis.de\/index.php?rest_route=\/wp\/v2\/users\/2"}],"replies":[{"embeddable":true,"href":"https:\/\/sv-waldkirch-tischtennis.de\/index.php?rest_route=%2Fwp%2Fv2%2Fcomments&post=2070"}],"version-history":[{"count":6,"href":"https:\/\/sv-waldkirch-tischtennis.de\/index.php?rest_route=\/wp\/v2\/posts\/2070\/revisions"}],"predecessor-version":[{"id":2078,"href":"https:\/\/sv-waldkirch-tischtennis.de\/index.php?rest_route=\/wp\/v2\/posts\/2070\/revisions\/2078"}],"wp:attachment":[{"href":"https:\/\/sv-waldkirch-tischtennis.de\/index.php?rest_route=%2Fwp%2Fv2%2Fmedia&parent=2070"}],"wp:term":[{"taxonomy":"category","embeddable":true,"href":"https:\/\/sv-waldkirch-tischtennis.de\/index.php?rest_route=%2Fwp%2Fv2%2Fcategories&post=2070"},{"taxonomy":"post_tag","embeddable":true,"href":"https:\/\/sv-waldkirch-tischtennis.de\/index.php?rest_route=%2Fwp%2Fv2%2Ftags&post=2070"}],"curies":[{"name":"wp","href":"https:\/\/api.w.org\/{rel}","templated":true}]}}